{"id":51757,"date":"2026-08-30T19:17:22","date_gmt":"2026-08-30T17:17:22","guid":{"rendered":"https:\/\/60plusanniviers.ch\/?p=51757"},"modified":"2026-08-30T21:01:29","modified_gmt":"2026-08-30T19:01:29","slug":"rencontre-automnale-a-niouc","status":"publish","type":"post","link":"https:\/\/60plusanniviers.ch\/?p=51757","title":{"rendered":"Rencontre automnale \u00e0 Niouc"},"content":{"rendered":"\n[et_pb_section fb_built=\u00a0\u00bb1&Prime; _builder_version=\u00a0\u00bb4.27.8&Prime; _module_preset=\u00a0\u00bbdefault\u00a0\u00bb global_colors_info=\u00a0\u00bb{}\u00a0\u00bb][et_pb_row _builder_version=\u00a0\u00bb4.27.8&Prime; _module_preset=\u00a0\u00bbdefault\u00a0\u00bb background_color=\u00a0\u00bb#0656C6&Prime; global_colors_info=\u00a0\u00bb{}\u00a0\u00bb][et_pb_column type=\u00a0\u00bb4_4&Prime; _builder_version=\u00a0\u00bb4.27.8&Prime; _module_preset=\u00a0\u00bbdefault\u00a0\u00bb global_colors_info=\u00a0\u00bb{}\u00a0\u00bb][et_pb_text _builder_version=\u00a0\u00bb4.27.8&Prime; _module_preset=\u00a0\u00bbdefault\u00a0\u00bb header_font=\u00a0\u00bb|600|||||||\u00a0\u00bb header_text_color=\u00a0\u00bb#FFFFFF\u00a0\u00bb hover_enabled=\u00a0\u00bb0&Prime; global_colors_info=\u00a0\u00bb{}\u00a0\u00bb header_font_size=\u00a0\u00bb35px\u00a0\u00bb sticky_enabled=\u00a0\u00bb0&Prime; header_letter_spacing=\u00a0\u00bb1px\u00a0\u00bb]<h1 style=\"text-align: center;\">Rencontre automnale \u00e0 Niouc<\/h1>[\/et_pb_text][\/et_pb_column][\/et_pb_row][et_pb_row _builder_version=\u00a0\u00bb4.27.8&Prime; _module_preset=\u00a0\u00bbdefault\u00a0\u00bb title_text=\u00a0\u00bbBungy_Niouc_By_Anthony_Chenot_BD_32-uai-1000&#215;750&Prime; background_image=\u00a0\u00bbhttps:\/\/60plusanniviers.ch\/wp-content\/uploads\/2026\/08\/Bungy_Niouc_By_Anthony_Chenot_BD_32-uai-1000&#215;750-1.webp\u00a0\u00bb custom_padding=\u00a0\u00bb|||15px|false|false\u00a0\u00bb hover_enabled=\u00a0\u00bb0&Prime; sticky_enabled=\u00a0\u00bb0&Prime;][et_pb_column _builder_version=\u00a0\u00bb4.27.8&Prime; _module_preset=\u00a0\u00bbdefault\u00a0\u00bb type=\u00a0\u00bb4_4&Prime;][et_pb_text _builder_version=\u00a0\u00bb4.27.8&Prime; _module_preset=\u00a0\u00bbdefault\u00a0\u00bb hover_enabled=\u00a0\u00bb0&Prime; sticky_enabled=\u00a0\u00bb0&Prime; header_font=\u00a0\u00bb|600|||||||\u00a0\u00bb header_text_color=\u00a0\u00bb#86CD27&Prime; header_text_shadow_style=\u00a0\u00bbpreset5&Prime; header_text_shadow_horizontal_length=\u00a0\u00bb0.07em\u00a0\u00bb header_text_shadow_vertical_length=\u00a0\u00bb0.07em\u00a0\u00bb header_text_shadow_color=\u00a0\u00bb#000000&Prime; header_2_font=\u00a0\u00bb|600||||on|||\u00a0\u00bb header_2_text_color=\u00a0\u00bb#000000&Prime; header_2_text_shadow_style=\u00a0\u00bbpreset5&Prime; header_2_text_shadow_horizontal_length=\u00a0\u00bb0.06em\u00a0\u00bb header_2_text_shadow_vertical_length=\u00a0\u00bb0.06em\u00a0\u00bb header_2_text_shadow_color=\u00a0\u00bb#FFFFFF\u00a0\u00bb custom_padding=\u00a0\u00bb|||10px|false|false\u00a0\u00bb header_3_text_shadow_style=\u00a0\u00bbpreset5&Prime; header_3_text_shadow_horizontal_length=\u00a0\u00bb0.06em\u00a0\u00bb header_3_text_shadow_vertical_length=\u00a0\u00bb0.06em\u00a0\u00bb header_3_text_shadow_color=\u00a0\u00bb#FFFFFF\u00a0\u00bb header_2_font_size=\u00a0\u00bb27px\u00a0\u00bb]<h1>Date et horaire<\/h1>\n<h2 style=\"text-align: center;\"><strong>5 novembre 2026<\/strong><\/h2>\n<h2 style=\"text-align: center;\"><strong>\u00e0 15h45<\/strong><\/h2>\n<h1>Rendez-vous<\/h1>\n<h2 style=\"text-align: center;\">\u00e0 l&rsquo;arr\u00eat postal, devant l&rsquo;ancien restaurant<\/h2>\n<h1 style=\"text-align: left;\"><\/h1>\n<h1 style=\"text-align: left;\"><\/h1>\n<h1 style=\"text-align: left;\">Visite comment\u00e9e du village par M. Michel Zufferey, suivie d&rsquo;une brisol\u00e9e<\/h1>\n<p>&nbsp;<\/p>\n<h1>Tarif :<\/h1>\n<h2 style=\"text-align: center;\">CHF 15.-\/par personne<\/h2>\n<p>&nbsp;<\/p>\n<h1>Inscription<\/h1>\n<h2 style=\"text-align: center;\"><span style=\"color: #ff0000;\">jusqu&rsquo;au 31 octobre 2026<\/span><\/h2>\n<h2 style=\"text-align: center;\">Chez Christiane 079 517 51 13<\/h2>\n<h2 style=\"text-align: center;\">ou par mail<\/h2>\n<h3 style=\"text-align: center;\"><span style=\"color: #000000;\">anniviers60plus@outlook.com<\/span><\/h3>[\/et_pb_text][\/et_pb_column][\/et_pb_row][\/et_pb_section]\n","protected":false},"excerpt":{"rendered":"<p>Rencontre automnale \u00e0 NioucDate et horaire 5 novembre 2026 \u00e0 15h45 Rendez-vous \u00e0 l&rsquo;arr\u00eat postal, devant l&rsquo;ancien restaurant Visite comment\u00e9e du village par M. Michel Zufferey, suivie d&rsquo;une brisol\u00e9e &nbsp; [&hellip;]<\/p>\n","protected":false},"author":1,"featured_media":0,"comment_status":"open","ping_status":"open","sticky":false,"template":"","format":"standard","meta":{"_et_pb_use_builder":"on","_et_pb_old_content":"<!-- wp:divi\/placeholder \/-->","_et_gb_content_width":"1080","footnotes":""},"categories":[50,20,88],"tags":[],"class_list":["post-51757","post","type-post","status-publish","format-standard","hentry","category-annee-2026","category-ponctuelles","category-septembre-2026-a-juin-2027-annee"],"_links":{"self":[{"href":"https:\/\/60plusanniviers.ch\/index.php?rest_route=\/wp\/v2\/posts\/51757","targetHints":{"allow":["GET"]}}],"collection":[{"href":"https:\/\/60plusanniviers.ch\/index.php?rest_route=\/wp\/v2\/posts"}],"about":[{"href":"https:\/\/60plusanniviers.ch\/index.php?rest_route=\/wp\/v2\/types\/post"}],"author":[{"embeddable":true,"href":"https:\/\/60plusanniviers.ch\/index.php?rest_route=\/wp\/v2\/users\/1"}],"replies":[{"embeddable":true,"href":"https:\/\/60plusanniviers.ch\/index.php?rest_route=%2Fwp%2Fv2%2Fcomments&post=51757"}],"version-history":[{"count":12,"href":"https:\/\/60plusanniviers.ch\/index.php?rest_route=\/wp\/v2\/posts\/51757\/revisions"}],"predecessor-version":[{"id":51780,"href":"https:\/\/60plusanniviers.ch\/index.php?rest_route=\/wp\/v2\/posts\/51757\/revisions\/51780"}],"wp:attachment":[{"href":"https:\/\/60plusanniviers.ch\/index.php?rest_route=%2Fwp%2Fv2%2Fmedia&parent=51757"}],"wp:term":[{"taxonomy":"category","embeddable":true,"href":"https:\/\/60plusanniviers.ch\/index.php?rest_route=%2Fwp%2Fv2%2Fcategories&post=51757"},{"taxonomy":"post_tag","embeddable":true,"href":"https:\/\/60plusanniviers.ch\/index.php?rest_route=%2Fwp%2Fv2%2Ftags&post=51757"}],"curies":[{"name":"wp","href":"https:\/\/api.w.org\/{rel}","templated":true}]}}