{"id":51781,"date":"2026-08-31T16:21:28","date_gmt":"2026-08-31T14:21:28","guid":{"rendered":"https:\/\/60plusanniviers.ch\/?p=51781"},"modified":"2026-08-31T17:47:51","modified_gmt":"2026-08-31T15:47:51","slug":"directives-anticipees","status":"publish","type":"post","link":"https:\/\/60plusanniviers.ch\/?p=51781","title":{"rendered":"Directives anticip\u00e9es"},"content":{"rendered":"<p>[et_pb_section fb_built=\u00a0\u00bb1&Prime; _builder_version=\u00a0\u00bb4.27.8&Prime; _module_preset=\u00a0\u00bbdefault\u00a0\u00bb module_alignment=\u00a0\u00bbcenter\u00a0\u00bb global_colors_info=\u00a0\u00bb{}\u00a0\u00bb][et_pb_row _builder_version=\u00a0\u00bb4.27.8&Prime; _module_preset=\u00a0\u00bbdefault\u00a0\u00bb background_color=\u00a0\u00bb#0656C6&Prime; width=\u00a0\u00bb100%\u00a0\u00bb max_width=\u00a0\u00bbnone\u00a0\u00bb module_alignment=\u00a0\u00bbcenter\u00a0\u00bb global_colors_info=\u00a0\u00bb{}\u00a0\u00bb][et_pb_column type=\u00a0\u00bb4_4&Prime; _builder_version=\u00a0\u00bb4.27.8&Prime; _module_preset=\u00a0\u00bbdefault\u00a0\u00bb global_colors_info=\u00a0\u00bb{}\u00a0\u00bb][et_pb_text _builder_version=\u00a0\u00bb4.27.8&Prime; _module_preset=\u00a0\u00bbdefault\u00a0\u00bb header_font=\u00a0\u00bb|600||on|||||\u00a0\u00bb header_text_align=\u00a0\u00bbcenter\u00a0\u00bb header_text_color=\u00a0\u00bb#FFFFFF\u00a0\u00bb header_letter_spacing=\u00a0\u00bb2px\u00a0\u00bb header_2_font=\u00a0\u00bb|600||||on|||\u00a0\u00bb header_2_text_align=\u00a0\u00bbcenter\u00a0\u00bb header_2_text_color=\u00a0\u00bb#FFFFFF\u00a0\u00bb header_text_shadow_style=\u00a0\u00bbpreset5&Prime; header_text_shadow_horizontal_length=\u00a0\u00bb0.07em\u00a0\u00bb header_text_shadow_vertical_length=\u00a0\u00bb0.07em\u00a0\u00bb header_text_shadow_color=\u00a0\u00bb#86CD27&Prime; global_colors_info=\u00a0\u00bb{}\u00a0\u00bb]<\/p>\n<h1 style=\"text-align: center;\">Directives anticip\u00e9es avec le Docupass<\/h1>\n<p>[\/et_pb_text][et_pb_text _builder_version=\u00a0\u00bb4.27.8&Prime; _module_preset=\u00a0\u00bbdefault\u00a0\u00bb header_2_font=\u00a0\u00bb|600||||on|||\u00a0\u00bb header_2_text_align=\u00a0\u00bbcenter\u00a0\u00bb header_2_text_color=\u00a0\u00bb#FFFFFF\u00a0\u00bb custom_padding=\u00a0\u00bb|15px||15px|false|true\u00a0\u00bb global_colors_info=\u00a0\u00bb{}\u00a0\u00bb]<\/p>\n<h2>Conf\u00e9rence de Mme Magali Ruff, assistance sociale aupr\u00e8s de Pro Senectute Valais.<\/h2>\n<h2>Personne ne peut pr\u00e9voir ce que l&rsquo;avenir nous r\u00e9serve. Anticiper aujourd&rsquo;hui, c&rsquo;est pr\u00e9server notre libert\u00e9 de choix pour demain.<\/h2>\n<p>[\/et_pb_text][\/et_pb_column][\/et_pb_row][et_pb_row column_structure=\u00a0\u00bb1_2,1_2&Prime; use_custom_gutter=\u00a0\u00bbon\u00a0\u00bb gutter_width=\u00a0\u00bb1&Prime; _builder_version=\u00a0\u00bb4.27.8&Prime; _module_preset=\u00a0\u00bbdefault\u00a0\u00bb use_background_color_gradient=\u00a0\u00bbon\u00a0\u00bb background_color_gradient_stops=\u00a0\u00bb#0656c6 0%|#61961d 100%\u00a0\u00bb global_colors_info=\u00a0\u00bb{}\u00a0\u00bb][et_pb_column type=\u00a0\u00bb1_2&Prime; _builder_version=\u00a0\u00bb4.27.8&Prime; _module_preset=\u00a0\u00bbdefault\u00a0\u00bb global_colors_info=\u00a0\u00bb{}\u00a0\u00bb][et_pb_image src=\u00a0\u00bbhttps:\/\/60plusanniviers.ch\/wp-content\/uploads\/2026\/08\/DirectivesAnticipees-2-800&#215;460-1.jpg\u00a0\u00bb title_text=\u00a0\u00bbDirectivesAnticipees 2 800&#215;460&Prime; _builder_version=\u00a0\u00bb4.27.8&Prime; _module_preset=\u00a0\u00bbdefault\u00a0\u00bb background_color=\u00a0\u00bb#61961D\u00a0\u00bb max_width=\u00a0\u00bb90%\u00a0\u00bb module_alignment=\u00a0\u00bbcenter\u00a0\u00bb hover_enabled=\u00a0\u00bb0&Prime; global_colors_info=\u00a0\u00bb{}\u00a0\u00bb sticky_enabled=\u00a0\u00bb0&Prime;][\/et_pb_image][\/et_pb_column][et_pb_column type=\u00a0\u00bb1_2&Prime; _builder_version=\u00a0\u00bb4.27.8&Prime; _module_preset=\u00a0\u00bbdefault\u00a0\u00bb global_colors_info=\u00a0\u00bb{}\u00a0\u00bb][et_pb_text _builder_version=\u00a0\u00bb4.27.8&Prime; _module_preset=\u00a0\u00bbdefault\u00a0\u00bb header_font=\u00a0\u00bb|600|||on||||\u00a0\u00bb header_text_color=\u00a0\u00bb#86CD27&Prime; header_2_text_color=\u00a0\u00bb#FFFFFF\u00a0\u00bb background_color=\u00a0\u00bbRGBA(255,255,255,0)\u00a0\u00bb max_width=\u00a0\u00bb85%\u00a0\u00bb module_alignment=\u00a0\u00bbcenter\u00a0\u00bb custom_padding=\u00a0\u00bb20px|15px|20px|15px|true|true\u00a0\u00bb hover_enabled=\u00a0\u00bb0&Prime; header_text_shadow_style=\u00a0\u00bbpreset5&Prime; header_text_shadow_horizontal_length=\u00a0\u00bb0.07em\u00a0\u00bb header_text_shadow_vertical_length=\u00a0\u00bb0.07em\u00a0\u00bb header_text_shadow_color=\u00a0\u00bb#000000&Prime; global_colors_info=\u00a0\u00bb{}\u00a0\u00bb sticky_enabled=\u00a0\u00bb0&Prime;]<\/p>\n<h1>Date et horaire :<\/h1>\n<h2 style=\"text-align: center;\">16 novembre 2026<\/h2>\n<h2 style=\"text-align: center;\">\u00e0 16h15<\/h2>\n<h1>\u00a0Lieu :<\/h1>\n<h2 style=\"text-align: center;\">R\u00e9fectoire du Centre scolaire <br \/>\u00e0 Vissoie<\/h2>\n<h2 style=\"text-align: center;\"><\/h2>\n<p>&nbsp;[\/et_pb_text][\/et_pb_column][\/et_pb_row][\/et_pb_section]<\/p>\n","protected":false},"excerpt":{"rendered":"<p>Directives anticip\u00e9es avec le DocupassConf\u00e9rence de Mme Magali Ruff, assistance sociale aupr\u00e8s de Pro Senectute Valais. Personne ne peut pr\u00e9voir ce que l&rsquo;avenir nous r\u00e9serve. Anticiper aujourd&rsquo;hui, c&rsquo;est pr\u00e9server notre [&hellip;]<\/p>\n","protected":false},"author":1,"featured_media":0,"comment_status":"open","ping_status":"open","sticky":false,"template":"","format":"standard","meta":{"_et_pb_use_builder":"on","_et_pb_old_content":"","_et_gb_content_width":"1080","footnotes":""},"categories":[50,20,88],"tags":[],"class_list":["post-51781","post","type-post","status-publish","format-standard","hentry","category-annee-2026","category-ponctuelles","category-septembre-2026-a-juin-2027-annee"],"_links":{"self":[{"href":"https:\/\/60plusanniviers.ch\/index.php?rest_route=\/wp\/v2\/posts\/51781","targetHints":{"allow":["GET"]}}],"collection":[{"href":"https:\/\/60plusanniviers.ch\/index.php?rest_route=\/wp\/v2\/posts"}],"about":[{"href":"https:\/\/60plusanniviers.ch\/index.php?rest_route=\/wp\/v2\/types\/post"}],"author":[{"embeddable":true,"href":"https:\/\/60plusanniviers.ch\/index.php?rest_route=\/wp\/v2\/users\/1"}],"replies":[{"embeddable":true,"href":"https:\/\/60plusanniviers.ch\/index.php?rest_route=%2Fwp%2Fv2%2Fcomments&post=51781"}],"version-history":[{"count":19,"href":"https:\/\/60plusanniviers.ch\/index.php?rest_route=\/wp\/v2\/posts\/51781\/revisions"}],"predecessor-version":[{"id":51840,"href":"https:\/\/60plusanniviers.ch\/index.php?rest_route=\/wp\/v2\/posts\/51781\/revisions\/51840"}],"wp:attachment":[{"href":"https:\/\/60plusanniviers.ch\/index.php?rest_route=%2Fwp%2Fv2%2Fmedia&parent=51781"}],"wp:term":[{"taxonomy":"category","embeddable":true,"href":"https:\/\/60plusanniviers.ch\/index.php?rest_route=%2Fwp%2Fv2%2Fcategories&post=51781"},{"taxonomy":"post_tag","embeddable":true,"href":"https:\/\/60plusanniviers.ch\/index.php?rest_route=%2Fwp%2Fv2%2Ftags&post=51781"}],"curies":[{"name":"wp","href":"https:\/\/api.w.org\/{rel}","templated":true}]}}