{"id":51810,"date":"2026-08-31T16:35:55","date_gmt":"2026-08-31T14:35:55","guid":{"rendered":"https:\/\/60plusanniviers.ch\/?p=51810"},"modified":"2026-08-31T17:44:24","modified_gmt":"2026-08-31T15:44:24","slug":"apres-midi-cinema-2","status":"publish","type":"post","link":"https:\/\/60plusanniviers.ch\/?p=51810","title":{"rendered":"Apr\u00e8s-midi cin\u00e9ma"},"content":{"rendered":"\n[et_pb_section fb_built=\u00a0\u00bb1&Prime; _builder_version=\u00a0\u00bb4.27.8&Prime; _module_preset=\u00a0\u00bbdefault\u00a0\u00bb background_color=\u00a0\u00bb#0656C6&Prime; background_image=\u00a0\u00bbhttps:\/\/60plusanniviers.ch\/wp-content\/uploads\/2026\/08\/Films.png\u00a0\u00bb global_colors_info=\u00a0\u00bb{}\u00a0\u00bb][et_pb_row _builder_version=\u00a0\u00bb4.27.8&Prime; _module_preset=\u00a0\u00bbdefault\u00a0\u00bb width=\u00a0\u00bb100%\u00a0\u00bb max_width=\u00a0\u00bbnone\u00a0\u00bb module_alignment=\u00a0\u00bbcenter\u00a0\u00bb global_colors_info=\u00a0\u00bb{}\u00a0\u00bb][et_pb_column type=\u00a0\u00bb4_4&Prime; _builder_version=\u00a0\u00bb4.27.8&Prime; _module_preset=\u00a0\u00bbdefault\u00a0\u00bb global_colors_info=\u00a0\u00bb{}\u00a0\u00bb][et_pb_text _builder_version=\u00a0\u00bb4.27.8&Prime; _module_preset=\u00a0\u00bbdefault\u00a0\u00bb header_font=\u00a0\u00bb|600||on|||||\u00a0\u00bb header_text_align=\u00a0\u00bbcenter\u00a0\u00bb header_text_color=\u00a0\u00bb#FFFFFF\u00a0\u00bb header_font_size=\u00a0\u00bb35px\u00a0\u00bb header_letter_spacing=\u00a0\u00bb2px\u00a0\u00bb header_2_font=\u00a0\u00bb|600||||on|||\u00a0\u00bb header_2_text_align=\u00a0\u00bbcenter\u00a0\u00bb header_2_text_color=\u00a0\u00bb#FFFFFF\u00a0\u00bb header_text_shadow_style=\u00a0\u00bbpreset5&Prime; header_text_shadow_color=\u00a0\u00bb#86CD27&Prime; global_colors_info=\u00a0\u00bb{}\u00a0\u00bb]<h1 style=\"text-align: center;\">Apr\u00e8s-midi cin\u00e9ma<\/h1>[\/et_pb_text][\/et_pb_column][\/et_pb_row][et_pb_row _builder_version=\u00a0\u00bb4.27.8&Prime; _module_preset=\u00a0\u00bbdefault\u00a0\u00bb global_colors_info=\u00a0\u00bb{}\u00a0\u00bb][et_pb_column type=\u00a0\u00bb4_4&Prime; _builder_version=\u00a0\u00bb4.27.8&Prime; _module_preset=\u00a0\u00bbdefault\u00a0\u00bb global_colors_info=\u00a0\u00bb{}\u00a0\u00bb][et_pb_text _builder_version=\u00a0\u00bb4.27.8&Prime; _module_preset=\u00a0\u00bbdefault\u00a0\u00bb header_2_font=\u00a0\u00bb|600||||on|||\u00a0\u00bb header_2_text_align=\u00a0\u00bbcenter\u00a0\u00bb header_2_text_color=\u00a0\u00bb#FFFFFF\u00a0\u00bb header_2_line_height=\u00a0\u00bb1.2em\u00a0\u00bb header_2_text_shadow_style=\u00a0\u00bbpreset5&Prime; header_2_text_shadow_horizontal_length=\u00a0\u00bb0.06em\u00a0\u00bb header_2_text_shadow_vertical_length=\u00a0\u00bb0.06em\u00a0\u00bb header_2_text_shadow_color=\u00a0\u00bb#86CD27&Prime; global_colors_info=\u00a0\u00bb{}\u00a0\u00bb]<h2 style=\"text-align: center;\">propos\u00e9 par W. Tislenkoff,<br>qui se termine par du vin chaud et des gourmandises.<\/h2>[\/et_pb_text][\/et_pb_column][\/et_pb_row][et_pb_row _builder_version=\u00a0\u00bb4.27.8&Prime; _module_preset=\u00a0\u00bbdefault\u00a0\u00bb background_color=\u00a0\u00bbrgba(97,150,29,0.5)\u00a0\u00bb global_colors_info=\u00a0\u00bb{}\u00a0\u00bb][et_pb_column type=\u00a0\u00bb4_4&Prime; _builder_version=\u00a0\u00bb4.27.8&Prime; _module_preset=\u00a0\u00bbdefault\u00a0\u00bb global_colors_info=\u00a0\u00bb{}\u00a0\u00bb][et_pb_text _builder_version=\u00a0\u00bb4.27.8&Prime; _module_preset=\u00a0\u00bbdefault\u00a0\u00bb header_text_color=\u00a0\u00bb#FFFFFF\u00a0\u00bb header_2_text_color=\u00a0\u00bb#FFFFFF\u00a0\u00bb custom_padding=\u00a0\u00bb|||15px|false|false\u00a0\u00bb hover_enabled=\u00a0\u00bb0&Prime; header_text_shadow_style=\u00a0\u00bbpreset5&Prime; header_text_shadow_horizontal_length=\u00a0\u00bb0.07em\u00a0\u00bb header_text_shadow_vertical_length=\u00a0\u00bb0.07em\u00a0\u00bb header_text_shadow_color=\u00a0\u00bb#000000&Prime; global_colors_info=\u00a0\u00bb{}\u00a0\u00bb header_2_text_shadow_style=\u00a0\u00bbpreset5&Prime; header_2_text_shadow_horizontal_length=\u00a0\u00bb0.06em\u00a0\u00bb header_2_text_shadow_vertical_length=\u00a0\u00bb0.06em\u00a0\u00bb header_2_text_shadow_color=\u00a0\u00bb#000000&Prime; sticky_enabled=\u00a0\u00bb0&Prime;]<h1>Date et horaire :<\/h1>\n<h1 style=\"text-align: center;\">18 d\u00e9cembre 2026<\/h1>\n<h1 style=\"text-align: center;\">\u00e0 16h15<\/h1>\n<h1>lieu :<\/h1>\n<h2 style=\"text-align: center;\">R\u00e9fectoire du Centre scolaire, Vissoie<\/h2>\n<h1>Inscription :<\/h1>\n<h2 style=\"text-align: center;\"><span style=\"color: #ff0000;\">jusqu&rsquo;au 12 d\u00e9cembre 2026<\/span><\/h2>\n<h2 style=\"text-align: center;\">chez Christiane&nbsp; 079 517 51 13<\/h2>\n<h2 style=\"text-align: center;\">ou par mail<\/h2>\n<h2 style=\"text-align: center;\">anniviers60plus@outlook.com<\/h2>[\/et_pb_text][\/et_pb_column][\/et_pb_row][et_pb_row _builder_version=\u00a0\u00bb4.27.8&Prime; _module_preset=\u00a0\u00bbdefault\u00a0\u00bb global_colors_info=\u00a0\u00bb{}\u00a0\u00bb][et_pb_column type=\u00a0\u00bb4_4&Prime; _builder_version=\u00a0\u00bb4.27.8&Prime; _module_preset=\u00a0\u00bbdefault\u00a0\u00bb global_colors_info=\u00a0\u00bb{}\u00a0\u00bb][et_pb_button button_url=\u00a0\u00bbhttps:\/\/60plusanniviers.ch\/?p=50520&Prime; button_text=\u00a0\u00bbVoir le programme\u00a0\u00bb button_alignment=\u00a0\u00bbcenter\u00a0\u00bb _builder_version=\u00a0\u00bb4.27.8&Prime; _module_preset=\u00a0\u00bbdefault\u00a0\u00bb custom_button=\u00a0\u00bbon\u00a0\u00bb button_text_color=\u00a0\u00bb#FFFFFF\u00a0\u00bb button_bg_color=\u00a0\u00bb#2C81F8&Prime; button_border_radius=\u00a0\u00bb15px\u00a0\u00bb button_font=\u00a0\u00bb|600||on|||||\u00a0\u00bb button_use_icon=\u00a0\u00bboff\u00a0\u00bb global_colors_info=\u00a0\u00bb{}\u00a0\u00bb button_text_color__hover_enabled=\u00a0\u00bbon|hover\u00a0\u00bb button_bg_color__hover_enabled=\u00a0\u00bbon|desktop\u00a0\u00bb button_text_color__hover=\u00a0\u00bb#000000&Prime; button_bg_color__hover=\u00a0\u00bb#86CD27&Prime; button_bg_enable_color__hover=\u00a0\u00bbon\u00a0\u00bb button_letter_spacing__hover_enabled=\u00a0\u00bbon|hover\u00a0\u00bb button_letter_spacing__hover=\u00a0\u00bb2px\u00a0\u00bb][\/et_pb_button][\/et_pb_column][\/et_pb_row][\/et_pb_section]\n","protected":false},"excerpt":{"rendered":"<p>Apr\u00e8s-midi cin\u00e9mapropos\u00e9 par W. Tislenkoff,qui se termine par du vin chaud et des gourmandises.Date et horaire : 18 d\u00e9cembre 2026 \u00e0 16h15 lieu : R\u00e9fectoire du Centre scolaire, Vissoie Inscription [&hellip;]<\/p>\n","protected":false},"author":1,"featured_media":0,"comment_status":"open","ping_status":"open","sticky":false,"template":"","format":"standard","meta":{"_et_pb_use_builder":"on","_et_pb_old_content":"","_et_gb_content_width":"1080","footnotes":""},"categories":[50,20,87],"tags":[],"class_list":["post-51810","post","type-post","status-publish","format-standard","hentry","category-annee-2026","category-ponctuelles","category-septembre-2026-a-juin-2027"],"_links":{"self":[{"href":"https:\/\/60plusanniviers.ch\/index.php?rest_route=\/wp\/v2\/posts\/51810","targetHints":{"allow":["GET"]}}],"collection":[{"href":"https:\/\/60plusanniviers.ch\/index.php?rest_route=\/wp\/v2\/posts"}],"about":[{"href":"https:\/\/60plusanniviers.ch\/index.php?rest_route=\/wp\/v2\/types\/post"}],"author":[{"embeddable":true,"href":"https:\/\/60plusanniviers.ch\/index.php?rest_route=\/wp\/v2\/users\/1"}],"replies":[{"embeddable":true,"href":"https:\/\/60plusanniviers.ch\/index.php?rest_route=%2Fwp%2Fv2%2Fcomments&post=51810"}],"version-history":[{"count":16,"href":"https:\/\/60plusanniviers.ch\/index.php?rest_route=\/wp\/v2\/posts\/51810\/revisions"}],"predecessor-version":[{"id":51837,"href":"https:\/\/60plusanniviers.ch\/index.php?rest_route=\/wp\/v2\/posts\/51810\/revisions\/51837"}],"wp:attachment":[{"href":"https:\/\/60plusanniviers.ch\/index.php?rest_route=%2Fwp%2Fv2%2Fmedia&parent=51810"}],"wp:term":[{"taxonomy":"category","embeddable":true,"href":"https:\/\/60plusanniviers.ch\/index.php?rest_route=%2Fwp%2Fv2%2Fcategories&post=51810"},{"taxonomy":"post_tag","embeddable":true,"href":"https:\/\/60plusanniviers.ch\/index.php?rest_route=%2Fwp%2Fv2%2Ftags&post=51810"}],"curies":[{"name":"wp","href":"https:\/\/api.w.org\/{rel}","templated":true}]}}