{"id":51924,"date":"2026-09-01T14:47:52","date_gmt":"2026-09-01T12:47:52","guid":{"rendered":"https:\/\/60plusanniviers.ch\/?p=51924"},"modified":"2026-09-01T16:02:18","modified_gmt":"2026-09-01T14:02:18","slug":"assemblee-generale","status":"publish","type":"post","link":"https:\/\/60plusanniviers.ch\/?p=51924","title":{"rendered":"Assembl\u00e9e g\u00e9n\u00e9rale"},"content":{"rendered":"\n[et_pb_section fb_built=\u00a0\u00bb1&Prime; theme_builder_area=\u00a0\u00bbpost_content\u00a0\u00bb _builder_version=\u00a0\u00bb4.27.8&Prime; _module_preset=\u00a0\u00bbdefault\u00a0\u00bb background_color=\u00a0\u00bb#0656C6&Prime; hover_enabled=\u00a0\u00bb0&Prime; sticky_enabled=\u00a0\u00bb0&Prime;][et_pb_row _builder_version=\u00a0\u00bb4.27.8&Prime; _module_preset=\u00a0\u00bbdefault\u00a0\u00bb theme_builder_area=\u00a0\u00bbpost_content\u00a0\u00bb background_color=\u00a0\u00bbRGBA(255,255,255,0)\u00a0\u00bb hover_enabled=\u00a0\u00bb0&Prime; sticky_enabled=\u00a0\u00bb0&Prime; border_width_top=\u00a0\u00bb5px\u00a0\u00bb border_color_top=\u00a0\u00bb#FFAA00&Prime; border_style_top=\u00a0\u00bbridge\u00a0\u00bb width=\u00a0\u00bb100%\u00a0\u00bb max_width=\u00a0\u00bb90%\u00a0\u00bb border_width_left=\u00a0\u00bb2px\u00a0\u00bb border_color_left=\u00a0\u00bb#FFAA00&Prime; border_width_right=\u00a0\u00bb2px\u00a0\u00bb border_color_right=\u00a0\u00bb#FFAA00&Prime;][et_pb_column _builder_version=\u00a0\u00bb4.27.8&Prime; _module_preset=\u00a0\u00bbdefault\u00a0\u00bb type=\u00a0\u00bb4_4&Prime; theme_builder_area=\u00a0\u00bbpost_content\u00a0\u00bb][et_pb_text _builder_version=\u00a0\u00bb4.27.8&Prime; _module_preset=\u00a0\u00bbdefault\u00a0\u00bb theme_builder_area=\u00a0\u00bbpost_content\u00a0\u00bb hover_enabled=\u00a0\u00bb0&Prime; sticky_enabled=\u00a0\u00bb0&Prime; header_font=\u00a0\u00bb|600||on|||||\u00a0\u00bb header_text_color=\u00a0\u00bb#FFFFFF\u00a0\u00bb header_font_size=\u00a0\u00bb35px\u00a0\u00bb header_letter_spacing=\u00a0\u00bb1px\u00a0\u00bb]<h1 style=\"text-align: center;\">Assembl\u00e9e g\u00e9n\u00e9rale<\/h1>[\/et_pb_text][et_pb_text _builder_version=\u00a0\u00bb4.27.8&Prime; _module_preset=\u00a0\u00bbdefault\u00a0\u00bb theme_builder_area=\u00a0\u00bbpost_content\u00a0\u00bb hover_enabled=\u00a0\u00bb0&Prime; sticky_enabled=\u00a0\u00bb0&Prime; header_2_font=\u00a0\u00bb|600||||on|||\u00a0\u00bb header_2_text_align=\u00a0\u00bbcenter\u00a0\u00bb header_2_text_color=\u00a0\u00bb#FFFFFF\u00a0\u00bb header_2_letter_spacing=\u00a0\u00bb1px\u00a0\u00bb header_2_font_size=\u00a0\u00bb27px\u00a0\u00bb header_2_line_height=\u00a0\u00bb1.1em\u00a0\u00bb header_2_text_shadow_style=\u00a0\u00bbpreset5&Prime; header_2_text_shadow_horizontal_length=\u00a0\u00bb0.06em\u00a0\u00bb header_2_text_shadow_vertical_length=\u00a0\u00bb0.06em\u00a0\u00bb header_2_text_shadow_color=\u00a0\u00bb#000000&Prime; custom_padding=\u00a0\u00bb|15px||15px|false|true\u00a0\u00bb]<h2>Nous aurons le plaisir d&rsquo;acceuillir ensuite M. Philippe Favre pour la pr\u00e9sentation de son roman \u00ab\u00a0<span style=\"text-decoration: underline;\">1466, le temps des sorci\u00e8res<\/span>\u00a0\u00bb inspir\u00e9 d&rsquo;une histoire vraie pass\u00e9e au Val d&rsquo;Annivieers.<\/h2>[\/et_pb_text][\/et_pb_column][\/et_pb_row][et_pb_row _builder_version=\u00a0\u00bb4.27.8&Prime; _module_preset=\u00a0\u00bbdefault\u00a0\u00bb theme_builder_area=\u00a0\u00bbpost_content\u00a0\u00bb title_text=\u00a0\u00bbassembl\u00e9e g\u00e9n\u00e9rale 2026_100x707&Prime; background_image=\u00a0\u00bbhttps:\/\/60plusanniviers.ch\/wp-content\/uploads\/2025\/09\/assemblee-generale-2026_100x707.jpg\u00a0\u00bb hover_enabled=\u00a0\u00bb0&Prime; sticky_enabled=\u00a0\u00bb0&Prime; width=\u00a0\u00bb100%\u00a0\u00bb max_width=\u00a0\u00bb90%\u00a0\u00bb border_width_bottom=\u00a0\u00bb5px\u00a0\u00bb border_color_bottom=\u00a0\u00bb#FFAA00&Prime; border_style_bottom=\u00a0\u00bbridge\u00a0\u00bb border_width_right=\u00a0\u00bb2px\u00a0\u00bb border_color_right=\u00a0\u00bb#FFAA00&Prime; border_width_left=\u00a0\u00bb2px\u00a0\u00bb border_color_left=\u00a0\u00bb#FFAA00&Prime;][et_pb_column _builder_version=\u00a0\u00bb4.27.8&Prime; _module_preset=\u00a0\u00bbdefault\u00a0\u00bb type=\u00a0\u00bb4_4&Prime; theme_builder_area=\u00a0\u00bbpost_content\u00a0\u00bb][et_pb_text _builder_version=\u00a0\u00bb4.27.8&Prime; _module_preset=\u00a0\u00bbdefault\u00a0\u00bb theme_builder_area=\u00a0\u00bbpost_content\u00a0\u00bb hover_enabled=\u00a0\u00bb0&Prime; sticky_enabled=\u00a0\u00bb0&Prime; header_font=\u00a0\u00bb|600||on|||||\u00a0\u00bb header_text_color=\u00a0\u00bb#86CD27&Prime; header_text_shadow_style=\u00a0\u00bbpreset5&Prime; header_text_shadow_color=\u00a0\u00bb#000000&Prime; header_2_text_color=\u00a0\u00bb#FFAA00&Prime; header_2_font=\u00a0\u00bb|600||on|||||\u00a0\u00bb header_2_text_shadow_style=\u00a0\u00bbpreset5&Prime; header_2_text_shadow_color=\u00a0\u00bb#000000&Prime; custom_padding=\u00a0\u00bb|||15px|false|false\u00a0\u00bb]<h1>Date et horaire :<\/h1>\n<h2 style=\"text-align: center;\"><span style=\"color: #ff6600;\">19 f\u00e9vrier 2027<\/span><\/h2>\n<h2 style=\"text-align: center;\"><span style=\"color: #ff6600;\">16h15<\/span><\/h2>\n<p>&nbsp;<\/p>\n<h1>Lieu :<\/h1>\n<h2 style=\"text-align: center;\"><span style=\"color: #ff6600;\">R\u00e9fectoire du Centre scolaire<\/span><\/h2>\n<h2 style=\"text-align: center;\"><span style=\"color: #ff6600;\">\u00e0 Vissoie<\/span><\/h2>\n<p style=\"text-align: center;\">[\/et_pb_text][\/et_pb_column][\/et_pb_row][\/et_pb_section]\n","protected":false},"excerpt":{"rendered":"<p>Assembl\u00e9e g\u00e9n\u00e9raleNous aurons le plaisir d&rsquo;acceuillir ensuite M. Philippe Favre pour la pr\u00e9sentation de son roman \u00ab\u00a01466, le temps des sorci\u00e8res\u00a0\u00bb inspir\u00e9 d&rsquo;une histoire vraie pass\u00e9e au Val d&rsquo;Annivieers.Date et [&hellip;]<\/p>\n","protected":false},"author":1,"featured_media":0,"comment_status":"open","ping_status":"open","sticky":false,"template":"","format":"standard","meta":{"_et_pb_use_builder":"on","_et_pb_old_content":"","_et_gb_content_width":"","footnotes":""},"categories":[82,78,20,88],"tags":[],"class_list":["post-51924","post","type-post","status-publish","format-standard","hentry","category-annee-2027","category-important-activites","category-ponctuelles","category-septembre-2026-a-juin-2027-annee"],"_links":{"self":[{"href":"https:\/\/60plusanniviers.ch\/index.php?rest_route=\/wp\/v2\/posts\/51924","targetHints":{"allow":["GET"]}}],"collection":[{"href":"https:\/\/60plusanniviers.ch\/index.php?rest_route=\/wp\/v2\/posts"}],"about":[{"href":"https:\/\/60plusanniviers.ch\/index.php?rest_route=\/wp\/v2\/types\/post"}],"author":[{"embeddable":true,"href":"https:\/\/60plusanniviers.ch\/index.php?rest_route=\/wp\/v2\/users\/1"}],"replies":[{"embeddable":true,"href":"https:\/\/60plusanniviers.ch\/index.php?rest_route=%2Fwp%2Fv2%2Fcomments&post=51924"}],"version-history":[{"count":19,"href":"https:\/\/60plusanniviers.ch\/index.php?rest_route=\/wp\/v2\/posts\/51924\/revisions"}],"predecessor-version":[{"id":51995,"href":"https:\/\/60plusanniviers.ch\/index.php?rest_route=\/wp\/v2\/posts\/51924\/revisions\/51995"}],"wp:attachment":[{"href":"https:\/\/60plusanniviers.ch\/index.php?rest_route=%2Fwp%2Fv2%2Fmedia&parent=51924"}],"wp:term":[{"taxonomy":"category","embeddable":true,"href":"https:\/\/60plusanniviers.ch\/index.php?rest_route=%2Fwp%2Fv2%2Fcategories&post=51924"},{"taxonomy":"post_tag","embeddable":true,"href":"https:\/\/60plusanniviers.ch\/index.php?rest_route=%2Fwp%2Fv2%2Ftags&post=51924"}],"curies":[{"name":"wp","href":"https:\/\/api.w.org\/{rel}","templated":true}]}}